{"id":4424,"date":"2015-07-29T14:03:22","date_gmt":"2015-07-29T12:03:22","guid":{"rendered":"http:\/\/autoconstruction-ecologique.fr\/?p=4424"},"modified":"2022-08-02T21:49:39","modified_gmt":"2022-08-02T19:49:39","slug":"une-toutetite-table-basse-en-bois-darbre","status":"publish","type":"post","link":"https:\/\/autoconstruction-ecologique.fr\/?p=4424","title":{"rendered":"Une ( toutetite ) table basse, en bois d&rsquo;arbre"},"content":{"rendered":"\n<p>certain pourrait penser que j&rsquo;ai quelque chose a compenser, au regard de la taille a peine imposante du bestiau mais que n\u00e9nni, il n&rsquo;en est rien, le sequoia, \u00e7a pousse velu et large !<\/p>\n\n\n\n<p>donc, voila, une table basse ( si, si ! )<\/p>\n\n\n\n<figure class=\"wp-block-image size-full\"><img decoding=\"async\" width=\"872\" height=\"668\" src=\"https:\/\/autoconstruction-ecologique.fr\/wp-content\/uploads\/2022\/08\/DSCF5722_phatch.jpg\" alt=\"\" class=\"wp-image-8648\" srcset=\"https:\/\/autoconstruction-ecologique.fr\/wp-content\/uploads\/2022\/08\/DSCF5722_phatch.jpg 872w, https:\/\/autoconstruction-ecologique.fr\/wp-content\/uploads\/2022\/08\/DSCF5722_phatch-300x230.jpg 300w, https:\/\/autoconstruction-ecologique.fr\/wp-content\/uploads\/2022\/08\/DSCF5722_phatch-768x588.jpg 768w, https:\/\/autoconstruction-ecologique.fr\/wp-content\/uploads\/2022\/08\/DSCF5722_phatch-522x400.jpg 522w\" sizes=\"(max-width: 872px) 100vw, 872px\" \/><\/figure>\n\n\n\n<figure class=\"wp-block-image size-full\"><img decoding=\"async\" width=\"872\" height=\"668\" src=\"https:\/\/autoconstruction-ecologique.fr\/wp-content\/uploads\/2022\/08\/DSCF5726_phatch.jpg\" alt=\"\" class=\"wp-image-8649\" srcset=\"https:\/\/autoconstruction-ecologique.fr\/wp-content\/uploads\/2022\/08\/DSCF5726_phatch.jpg 872w, https:\/\/autoconstruction-ecologique.fr\/wp-content\/uploads\/2022\/08\/DSCF5726_phatch-300x230.jpg 300w, https:\/\/autoconstruction-ecologique.fr\/wp-content\/uploads\/2022\/08\/DSCF5726_phatch-768x588.jpg 768w, https:\/\/autoconstruction-ecologique.fr\/wp-content\/uploads\/2022\/08\/DSCF5726_phatch-522x400.jpg 522w\" sizes=\"(max-width: 872px) 100vw, 872px\" \/><\/figure>\n\n\n\n<p>c&rsquo;est un bout de sequoia plus que centenaire qui a \u00e9t\u00e9 coup\u00e9 dans un coll\u00e8ge du coin car il pr\u00e9sentait un danger selon les sp\u00e9cialistes. c&rsquo;est toujours dommage de couper un, si bel arbre mais bon, la s\u00e9curit\u00e9 des p&rsquo;tiots&#8230;<\/p>\n\n\n\n<p>alors, ce rondin ne provient pas, du bas de l&rsquo;arbre mais plut\u00f4t du milieu&#8230; c&rsquo;est le diam\u00e8tre maximum que mon scieur a pu passer dans sa b\u00e9cane car la bille de pied tape dans les 2m20 de large&#8230; c&rsquo;est juste impressionnant ces arbres.<\/p>\n\n\n\n<p>j\u2019\u00e9tais parti pour faire des pieds crois\u00e9s et puis&#8230; 3 rondins de fr\u00eane pr\u00e9lev\u00e9 sur mon affouage font aussi bien et finalement, \u00e7a cadre bien avec le reste ( et c&rsquo;est ach&rsquo;t plus rapide a realiser et a ajuster )<\/p>\n\n\n\n<figure class=\"wp-block-image size-full\"><img decoding=\"async\" width=\"872\" height=\"668\" src=\"https:\/\/autoconstruction-ecologique.fr\/wp-content\/uploads\/2022\/08\/DSCF5724_phatch.jpg\" alt=\"\" class=\"wp-image-8650\" srcset=\"https:\/\/autoconstruction-ecologique.fr\/wp-content\/uploads\/2022\/08\/DSCF5724_phatch.jpg 872w, https:\/\/autoconstruction-ecologique.fr\/wp-content\/uploads\/2022\/08\/DSCF5724_phatch-300x230.jpg 300w, https:\/\/autoconstruction-ecologique.fr\/wp-content\/uploads\/2022\/08\/DSCF5724_phatch-768x588.jpg 768w, https:\/\/autoconstruction-ecologique.fr\/wp-content\/uploads\/2022\/08\/DSCF5724_phatch-522x400.jpg 522w\" sizes=\"(max-width: 872px) 100vw, 872px\" \/><\/figure>\n\n\n\n<p>je l&rsquo;ai aussi, cercl\u00e9 pour limiter les fentes d\u00e9j\u00e0 pr\u00e9sente. car m\u00eame si elle bien massive, elle est tr\u00e8s fragile ( bon, tout est relatif, hein&#8230; ) du fait, de l&rsquo;orientation du fil du bois.<\/p>\n\n\n\n<p>et en parlant de sens du fil du bois, le seul probl\u00e8me a \u00e9t\u00e9 le vernissage. elle a picol\u00e9 le vernis comme un supporter de foot, un soir de match. les fibres \u00e9tant orient\u00e9 debout, les 3 couches de vitrificateur en base aqueuse ont \u00e9t\u00e9 litt\u00e9ralement aspir\u00e9, comme s&rsquo;il n&rsquo;y avait pas de vernis&#8230;<\/p>\n\n\n\n<p>bon, bon, bon, on va passer a l&rsquo;artillerie lourde, alors ? le vernis marin ! \u00e7a pue, c&rsquo;est bien chimique mais normalement, c&rsquo;est costaud et epais. et avec les pr\u00e9c\u00e9dentes couches de vernis faisant office de bouche pore, je me suis dit que \u00e7a serait du gateau.<\/p>\n\n\n\n<p>et bien compte, la dessus et boit de l&rsquo;eau. il aura fallu 6 couches de vernis marin pour arriver a un r\u00e9sultat homog\u00e8ne. c&rsquo;est surtout l&rsquo;aubier ( la parti ext\u00e9rieure, blanche ) qui pompait le plus.<\/p>\n\n\n\n<p>m&rsquo;enfin, voila, je peux a nouveau bouger dans mon atelier et donc passer a autre chose, comme&#8230; la lutherie ? ( WOOOHOOOUU ! )<\/p>\n\n\n\n<p>y a plus qu&rsquo;a vendre le plan de fabrication a ikea, juste pour se marrer en regardant les gens, charger la table sur la galerie du scenic. \ud83d\ude42<\/p>\n","protected":false},"excerpt":{"rendered":"<p>certain pourrait penser que j&rsquo;ai quelque chose a compenser, au regard de la taille a peine imposante du bestiau mais que n\u00e9nni, il n&rsquo;en est rien, le sequoia, \u00e7a pousse velu et large ! donc,&hellip; <a href=\"https:\/\/autoconstruction-ecologique.fr\/?p=4424\">Plus<\/a><\/p>\n","protected":false},"author":2,"featured_media":0,"comment_status":"open","ping_status":"open","sticky":false,"template":"","format":"standard","meta":{"footnotes":""},"categories":[2],"tags":[],"class_list":["post-4424","post","type-post","status-publish","format-standard","hentry","category-divers"],"_links":{"self":[{"href":"https:\/\/autoconstruction-ecologique.fr\/index.php?rest_route=\/wp\/v2\/posts\/4424","targetHints":{"allow":["GET"]}}],"collection":[{"href":"https:\/\/autoconstruction-ecologique.fr\/index.php?rest_route=\/wp\/v2\/posts"}],"about":[{"href":"https:\/\/autoconstruction-ecologique.fr\/index.php?rest_route=\/wp\/v2\/types\/post"}],"author":[{"embeddable":true,"href":"https:\/\/autoconstruction-ecologique.fr\/index.php?rest_route=\/wp\/v2\/users\/2"}],"replies":[{"embeddable":true,"href":"https:\/\/autoconstruction-ecologique.fr\/index.php?rest_route=%2Fwp%2Fv2%2Fcomments&post=4424"}],"version-history":[{"count":1,"href":"https:\/\/autoconstruction-ecologique.fr\/index.php?rest_route=\/wp\/v2\/posts\/4424\/revisions"}],"predecessor-version":[{"id":8651,"href":"https:\/\/autoconstruction-ecologique.fr\/index.php?rest_route=\/wp\/v2\/posts\/4424\/revisions\/8651"}],"wp:attachment":[{"href":"https:\/\/autoconstruction-ecologique.fr\/index.php?rest_route=%2Fwp%2Fv2%2Fmedia&parent=4424"}],"wp:term":[{"taxonomy":"category","embeddable":true,"href":"https:\/\/autoconstruction-ecologique.fr\/index.php?rest_route=%2Fwp%2Fv2%2Fcategories&post=4424"},{"taxonomy":"post_tag","embeddable":true,"href":"https:\/\/autoconstruction-ecologique.fr\/index.php?rest_route=%2Fwp%2Fv2%2Ftags&post=4424"}],"curies":[{"name":"wp","href":"https:\/\/api.w.org\/{rel}","templated":true}]}}