{"id":2077,"date":"2011-10-16T19:06:18","date_gmt":"2011-10-16T17:06:18","guid":{"rendered":"http:\/\/autoconstruction-ecologique.fr\/2011\/10\/16\/faitiere-pose-et-plancher-torche-hoooo-yeah\/"},"modified":"2022-03-27T17:30:52","modified_gmt":"2022-03-27T15:30:52","slug":"faitiere-pose-et-plancher-torche-hoooo-yeah","status":"publish","type":"post","link":"https:\/\/autoconstruction-ecologique.fr\/?p=2077","title":{"rendered":"Fa\u00eeti\u00e8re pos\u00e9 et plancher torch\u00e9 !"},"content":{"rendered":"\n<p>Pas trop le temps de s&rsquo;occuper du blog car on envoie s\u00e9v\u00e8re pour finir rapido presto.<\/p>\n\n\n\n<p>on tape d\u00e9j\u00e0 du &#8211; 1\u00b0 au petit matin, il faut donc pas ch\u00f4mer.<\/p>\n\n\n\n<p>on a fini de poser les solives en angle. une d\u00e9coupe un peu plus p\u00e9nible a r\u00e9aliser mais avec la super scie radiale de mon p\u00f4pa, elle moufte pas. c&rsquo;est bruyant comme b\u00e9cane mais \u00e7a d\u00e9pote grave.<\/p>\n\n\n\n<figure class=\"wp-block-image size-full\"><img decoding=\"async\" width=\"800\" height=\"600\" src=\"https:\/\/autoconstruction-ecologique.fr\/wp-content\/uploads\/2022\/03\/p1060643resized.jpg\" alt=\"\" class=\"wp-image-7005\" srcset=\"https:\/\/autoconstruction-ecologique.fr\/wp-content\/uploads\/2022\/03\/p1060643resized.jpg 800w, https:\/\/autoconstruction-ecologique.fr\/wp-content\/uploads\/2022\/03\/p1060643resized-300x225.jpg 300w, https:\/\/autoconstruction-ecologique.fr\/wp-content\/uploads\/2022\/03\/p1060643resized-768x576.jpg 768w, https:\/\/autoconstruction-ecologique.fr\/wp-content\/uploads\/2022\/03\/p1060643resized-533x400.jpg 533w\" sizes=\"(max-width: 800px) 100vw, 800px\" \/><\/figure>\n\n\n\n<p>m\u00eame syst\u00e8me de pose que les autre gr\u00e2ce a un taquet sauf pour les cinq suivantes.<\/p>\n\n\n\n<p>j&rsquo;ai mis l&rsquo;entrait dans le mauvais sens. enfin, l&rsquo;autre cot\u00e9 m&rsquo;aurait \u00e9vit\u00e9 ce probl\u00e8me.<\/p>\n\n\n\n<p>vous le voyiez le probl\u00e8me ?<\/p>\n\n\n\n<figure class=\"wp-block-image size-full\"><img decoding=\"async\" width=\"800\" height=\"600\" src=\"https:\/\/autoconstruction-ecologique.fr\/wp-content\/uploads\/2022\/03\/p1060581resized.jpg\" alt=\"\" class=\"wp-image-7006\" srcset=\"https:\/\/autoconstruction-ecologique.fr\/wp-content\/uploads\/2022\/03\/p1060581resized.jpg 800w, https:\/\/autoconstruction-ecologique.fr\/wp-content\/uploads\/2022\/03\/p1060581resized-300x225.jpg 300w, https:\/\/autoconstruction-ecologique.fr\/wp-content\/uploads\/2022\/03\/p1060581resized-768x576.jpg 768w, https:\/\/autoconstruction-ecologique.fr\/wp-content\/uploads\/2022\/03\/p1060581resized-533x400.jpg 533w\" sizes=\"(max-width: 800px) 100vw, 800px\" \/><\/figure>\n\n\n\n<p>et oui, le bois qui n&rsquo;est pas d\u2019\u00e9querre et donc l&rsquo;impossibilit\u00e9 de continuer de fixer mon tasseau&#8230;<\/p>\n\n\n\n<p>donc, on triche ! un \u00e9querre int\u00e9gr\u00e9 a la solive pour qu&rsquo;elle ne se voit pas trop et roule !<\/p>\n\n\n\n<figure class=\"wp-block-image size-full\"><img decoding=\"async\" width=\"800\" height=\"600\" src=\"https:\/\/autoconstruction-ecologique.fr\/wp-content\/uploads\/2022\/03\/p1060580resized.jpg\" alt=\"\" class=\"wp-image-7007\" srcset=\"https:\/\/autoconstruction-ecologique.fr\/wp-content\/uploads\/2022\/03\/p1060580resized.jpg 800w, https:\/\/autoconstruction-ecologique.fr\/wp-content\/uploads\/2022\/03\/p1060580resized-300x225.jpg 300w, https:\/\/autoconstruction-ecologique.fr\/wp-content\/uploads\/2022\/03\/p1060580resized-768x576.jpg 768w, https:\/\/autoconstruction-ecologique.fr\/wp-content\/uploads\/2022\/03\/p1060580resized-533x400.jpg 533w\" sizes=\"(max-width: 800px) 100vw, 800px\" \/><\/figure>\n\n\n\n<p>et une fois pos\u00e9, \u00e7a ne se voit presque pas.<\/p>\n\n\n\n<figure class=\"wp-block-image size-full\"><img decoding=\"async\" width=\"800\" height=\"600\" src=\"https:\/\/autoconstruction-ecologique.fr\/wp-content\/uploads\/2022\/03\/p1060582resized.jpg\" alt=\"\" class=\"wp-image-7009\" srcset=\"https:\/\/autoconstruction-ecologique.fr\/wp-content\/uploads\/2022\/03\/p1060582resized.jpg 800w, https:\/\/autoconstruction-ecologique.fr\/wp-content\/uploads\/2022\/03\/p1060582resized-300x225.jpg 300w, https:\/\/autoconstruction-ecologique.fr\/wp-content\/uploads\/2022\/03\/p1060582resized-768x576.jpg 768w, https:\/\/autoconstruction-ecologique.fr\/wp-content\/uploads\/2022\/03\/p1060582resized-533x400.jpg 533w\" sizes=\"(max-width: 800px) 100vw, 800px\" \/><\/figure>\n\n\n\n<p>puis on a pos\u00e9 le reste en pensant a la tr\u00e9mie. c&rsquo;est mieux non ?<\/p>\n\n\n\n<figure class=\"wp-block-image size-full\"><img decoding=\"async\" width=\"800\" height=\"600\" src=\"https:\/\/autoconstruction-ecologique.fr\/wp-content\/uploads\/2022\/03\/p1060616resized-1.jpg\" alt=\"\" class=\"wp-image-7010\" srcset=\"https:\/\/autoconstruction-ecologique.fr\/wp-content\/uploads\/2022\/03\/p1060616resized-1.jpg 800w, https:\/\/autoconstruction-ecologique.fr\/wp-content\/uploads\/2022\/03\/p1060616resized-1-300x225.jpg 300w, https:\/\/autoconstruction-ecologique.fr\/wp-content\/uploads\/2022\/03\/p1060616resized-1-768x576.jpg 768w, https:\/\/autoconstruction-ecologique.fr\/wp-content\/uploads\/2022\/03\/p1060616resized-1-533x400.jpg 533w\" sizes=\"(max-width: 800px) 100vw, 800px\" \/><\/figure>\n\n\n\n<p>et on trouve que par en dessous, c&rsquo;est pas d\u00e9gueulasse du tout. encore une fois, je maudis toujours mon angle pour ces difficult\u00e9s de conception mais d&rsquo;un cot\u00e9, c&rsquo;est vraiment classieux.<\/p>\n\n\n\n<figure class=\"wp-block-image size-full\"><img decoding=\"async\" width=\"800\" height=\"600\" src=\"https:\/\/autoconstruction-ecologique.fr\/wp-content\/uploads\/2022\/03\/p1060623resized.jpg\" alt=\"\" class=\"wp-image-7011\" srcset=\"https:\/\/autoconstruction-ecologique.fr\/wp-content\/uploads\/2022\/03\/p1060623resized.jpg 800w, https:\/\/autoconstruction-ecologique.fr\/wp-content\/uploads\/2022\/03\/p1060623resized-300x225.jpg 300w, https:\/\/autoconstruction-ecologique.fr\/wp-content\/uploads\/2022\/03\/p1060623resized-768x576.jpg 768w, https:\/\/autoconstruction-ecologique.fr\/wp-content\/uploads\/2022\/03\/p1060623resized-533x400.jpg 533w\" sizes=\"(max-width: 800px) 100vw, 800px\" \/><\/figure>\n\n\n\n<p>le petit d\u00e9crochement pour la tr\u00e9mie. \u00e7a ne portera pas de poids mais on va blinder en grosse \u00e9querre. au cas z&rsquo;ou&#8230;<\/p>\n\n\n\n<p>pour l&rsquo;instant, j&rsquo;y ai mis ce que j&rsquo;avais, de simple \u00e9querre de chaise. mais par la suite, de bonne grosse \u00e9querre me permettront de pourvoir y danser le casatchock, si l&rsquo;envie m&rsquo;en prend. ( j&rsquo;ai des passions secr\u00e8te inavouable dont le souhait de savoir danser le casatchock sur un d\u00e9crochement de tr\u00e9mie, la, et pas ailleurs. je sais, c&rsquo;est fou mais j&rsquo;y arriverais, un jour&#8230; )<\/p>\n\n\n\n<figure class=\"wp-block-image size-full\"><img decoding=\"async\" width=\"600\" height=\"800\" src=\"https:\/\/autoconstruction-ecologique.fr\/wp-content\/uploads\/2022\/03\/p1060635resized.jpg\" alt=\"\" class=\"wp-image-7012\" srcset=\"https:\/\/autoconstruction-ecologique.fr\/wp-content\/uploads\/2022\/03\/p1060635resized.jpg 600w, https:\/\/autoconstruction-ecologique.fr\/wp-content\/uploads\/2022\/03\/p1060635resized-225x300.jpg 225w, https:\/\/autoconstruction-ecologique.fr\/wp-content\/uploads\/2022\/03\/p1060635resized-300x400.jpg 300w\" sizes=\"(max-width: 600px) 100vw, 600px\" \/><\/figure>\n\n\n\n<p>le petit d\u00e9crochement de mezzanine pour pouvoir utiliser la future fen\u00eatre facilement s&rsquo;en avoir a s&rsquo;encorder et se la faire en varappe.<\/p>\n\n\n\n<figure class=\"wp-block-image size-full\"><img decoding=\"async\" width=\"800\" height=\"600\" src=\"https:\/\/autoconstruction-ecologique.fr\/wp-content\/uploads\/2022\/03\/p1060646resized.jpg\" alt=\"\" class=\"wp-image-7013\" srcset=\"https:\/\/autoconstruction-ecologique.fr\/wp-content\/uploads\/2022\/03\/p1060646resized.jpg 800w, https:\/\/autoconstruction-ecologique.fr\/wp-content\/uploads\/2022\/03\/p1060646resized-300x225.jpg 300w, https:\/\/autoconstruction-ecologique.fr\/wp-content\/uploads\/2022\/03\/p1060646resized-768x576.jpg 768w, https:\/\/autoconstruction-ecologique.fr\/wp-content\/uploads\/2022\/03\/p1060646resized-533x400.jpg 533w\" sizes=\"(max-width: 800px) 100vw, 800px\" \/><\/figure>\n\n\n\n<p>solivage ? fini ! ce f\u00fbt long et je dirais pas que ce fut bon&#8230; 70 solive a couper d\u2019\u00e9querre puis a entailler pour le taquet, suivi de leur pose en \u00e9quilibre sur deux \u00e9chelles avec l&rsquo;aide d\u2019Estelle, c&rsquo;a n&rsquo;aura pas \u00e9t\u00e9 la partie la plus passionnante de cette charpente. mais bon, maintenant on a un beau plancher.<\/p>\n\n\n\n<p>le plancher&#8230; pas des plus passionnant aussi :-). avec Estelle, on avait h\u00e2te d&rsquo;en finir.<\/p>\n\n\n\n<p>15 kg de clou, environ 5 mn de genoux en moins, dut a la position tr\u00e8s confortable du quatre patte et un bras accompagn\u00e9 de son \u00e9paule, en vrac, a force de taper au marteau. on a bien essay\u00e9 a la fa\u00e7on dark vador mais m\u00eame avec le cot\u00e9 obscur de la force, \u00e7a marche pas. le clou ne rentre pas tout seul. c&rsquo;est tr\u00e8s surfait, le cot\u00e9 obscur de la force.<\/p>\n\n\n\n<figure class=\"wp-block-image size-full\"><img decoding=\"async\" width=\"800\" height=\"600\" src=\"https:\/\/autoconstruction-ecologique.fr\/wp-content\/uploads\/2022\/03\/p1060648resized.jpg\" alt=\"\" class=\"wp-image-7014\" srcset=\"https:\/\/autoconstruction-ecologique.fr\/wp-content\/uploads\/2022\/03\/p1060648resized.jpg 800w, https:\/\/autoconstruction-ecologique.fr\/wp-content\/uploads\/2022\/03\/p1060648resized-300x225.jpg 300w, https:\/\/autoconstruction-ecologique.fr\/wp-content\/uploads\/2022\/03\/p1060648resized-768x576.jpg 768w, https:\/\/autoconstruction-ecologique.fr\/wp-content\/uploads\/2022\/03\/p1060648resized-533x400.jpg 533w\" sizes=\"(max-width: 800px) 100vw, 800px\" \/><\/figure>\n\n\n\n<p>on a pr\u00e9f\u00e9r\u00e9 faire continuer le plancher, par dessus la tr\u00e9mie. on a pas encore besoin de passer par la, pour monter a l\u2019\u00e9tage et c&rsquo;est quand m\u00eame plus s\u00e9curisant de ne pas avoir de trou dans le plancher. suffira juste de mettre un coup de magic festool pour faire sauter le surplus, le moment voulu. on a quand m\u00eame dessin\u00e9 au sol, le trou. on peut marcher dessus sans probl\u00e8me mais si on peut \u00e9viter&#8230;<\/p>\n\n\n\n<p>il ne nous reste plus que notre chambre a poser. \u00e7a sera fini, cette semaine.<\/p>\n\n\n\n<p>et ce week end, julien s&rsquo;est gentiment propos\u00e9 pour venir me filer un coup de main pour mes pannes de la mort qui pue.<\/p>\n\n\n\n<p>le gars est charpentier ET sp\u00e9cialiste de la voltige. pendant que d&rsquo;autre joue au carte le week end, lui, fait le zouave a escalader les montagnes ou les murs d&rsquo;escalades. donc mes huit m\u00e8tres de hauteur, m\u00eame pas peur !<\/p>\n\n\n\n<p>on s&rsquo;est donc mis sur les fa\u00eeti\u00e8res.<\/p>\n\n\n\n<p>premi\u00e8re d\u00e9coupe, tout bien comme il faut. et la deuxi\u00e8me, \u00e7a faisait longtemps&#8230; conneries. je me suis gourr\u00e9 sur la longueur.<\/p>\n\n\n\n<p>esp\u00e8ce de sacr\u00e9 con ! et en plus, sur la seul ou je n&rsquo;avais pas de marge, les fa\u00eeti\u00e8res \u00e9tant plus haute de 5 cm que les interm\u00e9diaires&#8230;<\/p>\n\n\n\n<p>bon, y a plus qu&rsquo;a rattraper mes \u00e2neries&#8230;<\/p>\n\n\n\n<p>de la charpente pas conventionnelle du tout, limite rattrapage au branche.<\/p>\n\n\n\n<p>on a prit un bout de panne intermediaire et on a coll\u00e9 par dessus le \u00a0\u00bb chapeau \u00a0\u00bb en pointe dont les 5 cm suppl\u00e9mentaire \u00e9tait pr\u00e9vue pour faire cette d\u00e9coupe. c&rsquo;est moche mais \u00e7a ne se verra pas. j&rsquo;ai bon ? utshimata force 5 dans mes chicots ? bon d&rsquo;accord.<\/p>\n\n\n\n<figure class=\"wp-block-image size-full\"><img decoding=\"async\" width=\"800\" height=\"600\" src=\"https:\/\/autoconstruction-ecologique.fr\/wp-content\/uploads\/2022\/03\/p1060658resized.jpg\" alt=\"\" class=\"wp-image-7015\" srcset=\"https:\/\/autoconstruction-ecologique.fr\/wp-content\/uploads\/2022\/03\/p1060658resized.jpg 800w, https:\/\/autoconstruction-ecologique.fr\/wp-content\/uploads\/2022\/03\/p1060658resized-300x225.jpg 300w, https:\/\/autoconstruction-ecologique.fr\/wp-content\/uploads\/2022\/03\/p1060658resized-768x576.jpg 768w, https:\/\/autoconstruction-ecologique.fr\/wp-content\/uploads\/2022\/03\/p1060658resized-533x400.jpg 533w\" sizes=\"(max-width: 800px) 100vw, 800px\" \/><\/figure>\n\n\n\n<p>allez, y a plus qu&rsquo;a monter.<\/p>\n\n\n\n<p>moi, sur le semi plancher des vaches et julien accroch\u00e9 au poincon. je vous cache pas que j\u2019\u00e9tais bien content qu&rsquo;il ait insist\u00e9 pour jouer a spiderman \ud83d\ude42<\/p>\n\n\n\n<figure class=\"wp-block-image size-full\"><img decoding=\"async\" width=\"800\" height=\"600\" src=\"https:\/\/autoconstruction-ecologique.fr\/wp-content\/uploads\/2022\/03\/p1060667resized.jpg\" alt=\"\" class=\"wp-image-7016\" srcset=\"https:\/\/autoconstruction-ecologique.fr\/wp-content\/uploads\/2022\/03\/p1060667resized.jpg 800w, https:\/\/autoconstruction-ecologique.fr\/wp-content\/uploads\/2022\/03\/p1060667resized-300x225.jpg 300w, https:\/\/autoconstruction-ecologique.fr\/wp-content\/uploads\/2022\/03\/p1060667resized-768x576.jpg 768w, https:\/\/autoconstruction-ecologique.fr\/wp-content\/uploads\/2022\/03\/p1060667resized-533x400.jpg 533w\" sizes=\"(max-width: 800px) 100vw, 800px\" \/><\/figure>\n\n\n\n<p>m\u00eame pas peur !<\/p>\n\n\n\n<figure class=\"wp-block-image size-full\"><img decoding=\"async\" width=\"800\" height=\"600\" src=\"https:\/\/autoconstruction-ecologique.fr\/wp-content\/uploads\/2022\/03\/p1060671resized.jpg\" alt=\"\" class=\"wp-image-7017\" srcset=\"https:\/\/autoconstruction-ecologique.fr\/wp-content\/uploads\/2022\/03\/p1060671resized.jpg 800w, https:\/\/autoconstruction-ecologique.fr\/wp-content\/uploads\/2022\/03\/p1060671resized-300x225.jpg 300w, https:\/\/autoconstruction-ecologique.fr\/wp-content\/uploads\/2022\/03\/p1060671resized-768x576.jpg 768w, https:\/\/autoconstruction-ecologique.fr\/wp-content\/uploads\/2022\/03\/p1060671resized-533x400.jpg 533w\" sizes=\"(max-width: 800px) 100vw, 800px\" \/><\/figure>\n\n\n\n<p>la manip&rsquo; s&rsquo;est plut\u00f4t bien pass\u00e9. a part, un lien qui \u00e9tait un poil trop court et qui a demand\u00e9 une petite cale pour bien le positionner, l&rsquo;ensemble s&rsquo;est bien embo\u00eet\u00e9, comme il faut. per\u00e7age, chevillage et on a maintenant une belle fa\u00eeti\u00e8re compl\u00e8te.<\/p>\n\n\n\n<figure class=\"wp-block-image size-full\"><img decoding=\"async\" width=\"800\" height=\"600\" src=\"https:\/\/autoconstruction-ecologique.fr\/wp-content\/uploads\/2022\/03\/p1060675resized.jpg\" alt=\"\" class=\"wp-image-7018\" srcset=\"https:\/\/autoconstruction-ecologique.fr\/wp-content\/uploads\/2022\/03\/p1060675resized.jpg 800w, https:\/\/autoconstruction-ecologique.fr\/wp-content\/uploads\/2022\/03\/p1060675resized-300x225.jpg 300w, https:\/\/autoconstruction-ecologique.fr\/wp-content\/uploads\/2022\/03\/p1060675resized-768x576.jpg 768w, https:\/\/autoconstruction-ecologique.fr\/wp-content\/uploads\/2022\/03\/p1060675resized-533x400.jpg 533w\" sizes=\"(max-width: 800px) 100vw, 800px\" \/><\/figure>\n\n\n\n<p>pendant que je m&rsquo;occupais du chevillage, julien s&rsquo;est propos\u00e9 pour aller me clouer la volige a la panne intermediaire que je n&rsquo;avais pas eu le temps de faire.<\/p>\n\n\n\n<p>un encordage en r\u00e8gle et une bonne rigolade pour lui. cela n&rsquo;aurait pas \u00e9t\u00e9 la m\u00eame histoire pour moi&#8230;<\/p>\n\n\n\n<figure class=\"wp-block-image size-full\"><img decoding=\"async\" width=\"800\" height=\"600\" src=\"https:\/\/autoconstruction-ecologique.fr\/wp-content\/uploads\/2022\/03\/p1060677resized.jpg\" alt=\"\" class=\"wp-image-7019\" srcset=\"https:\/\/autoconstruction-ecologique.fr\/wp-content\/uploads\/2022\/03\/p1060677resized.jpg 800w, https:\/\/autoconstruction-ecologique.fr\/wp-content\/uploads\/2022\/03\/p1060677resized-300x225.jpg 300w, https:\/\/autoconstruction-ecologique.fr\/wp-content\/uploads\/2022\/03\/p1060677resized-768x576.jpg 768w, https:\/\/autoconstruction-ecologique.fr\/wp-content\/uploads\/2022\/03\/p1060677resized-533x400.jpg 533w\" sizes=\"(max-width: 800px) 100vw, 800px\" \/><\/figure>\n\n\n\n<figure class=\"wp-block-image size-full\"><img decoding=\"async\" width=\"600\" height=\"800\" src=\"https:\/\/autoconstruction-ecologique.fr\/wp-content\/uploads\/2022\/03\/p1060682resized.jpg\" alt=\"\" class=\"wp-image-7020\" srcset=\"https:\/\/autoconstruction-ecologique.fr\/wp-content\/uploads\/2022\/03\/p1060682resized.jpg 600w, https:\/\/autoconstruction-ecologique.fr\/wp-content\/uploads\/2022\/03\/p1060682resized-225x300.jpg 225w, https:\/\/autoconstruction-ecologique.fr\/wp-content\/uploads\/2022\/03\/p1060682resized-300x400.jpg 300w\" sizes=\"(max-width: 600px) 100vw, 600px\" \/><\/figure>\n\n\n\n<p>et pour finir, on s&rsquo;est attaqu\u00e9 au panne intermediaire et leur jonction en angle. ( qui pue, qui fouette, qui d\u00e9cale les couettes )<\/p>\n\n\n\n<p>apr\u00e8s maintes r\u00e9flexion et calculs dans tous les sens et des r\u00e9sultats peu concluant, on a d\u00e9cid\u00e9 de monter les pannes a leur place respectives et de les tracer en situation. et grand bien, nous a prit, c&rsquo;est tout simplement la meilleure solution.<\/p>\n\n\n\n<p>c&rsquo;est la plus longue car il faut monter et descendre la panne deux fois mais au moins, on est sur de ne pas se planter. enfin, j\u2019esp\u00e8re&#8230;<\/p>\n\n\n\n<p>mise en place de la panne<\/p>\n\n\n\n<figure class=\"wp-block-image size-full\"><img decoding=\"async\" width=\"800\" height=\"600\" src=\"https:\/\/autoconstruction-ecologique.fr\/wp-content\/uploads\/2022\/03\/p1060691resized.jpg\" alt=\"\" class=\"wp-image-7021\" srcset=\"https:\/\/autoconstruction-ecologique.fr\/wp-content\/uploads\/2022\/03\/p1060691resized.jpg 800w, https:\/\/autoconstruction-ecologique.fr\/wp-content\/uploads\/2022\/03\/p1060691resized-300x225.jpg 300w, https:\/\/autoconstruction-ecologique.fr\/wp-content\/uploads\/2022\/03\/p1060691resized-768x576.jpg 768w, https:\/\/autoconstruction-ecologique.fr\/wp-content\/uploads\/2022\/03\/p1060691resized-533x400.jpg 533w\" sizes=\"(max-width: 800px) 100vw, 800px\" \/><\/figure>\n\n\n\n<p>puis tra\u00e7age, en se basant sur l\u2019arbal\u00e9trier.<\/p>\n\n\n\n<figure class=\"wp-block-image size-full\"><img decoding=\"async\" width=\"800\" height=\"600\" src=\"https:\/\/autoconstruction-ecologique.fr\/wp-content\/uploads\/2022\/03\/p1060692resized.jpg\" alt=\"\" class=\"wp-image-7022\" srcset=\"https:\/\/autoconstruction-ecologique.fr\/wp-content\/uploads\/2022\/03\/p1060692resized.jpg 800w, https:\/\/autoconstruction-ecologique.fr\/wp-content\/uploads\/2022\/03\/p1060692resized-300x225.jpg 300w, https:\/\/autoconstruction-ecologique.fr\/wp-content\/uploads\/2022\/03\/p1060692resized-768x576.jpg 768w, https:\/\/autoconstruction-ecologique.fr\/wp-content\/uploads\/2022\/03\/p1060692resized-533x400.jpg 533w\" sizes=\"(max-width: 800px) 100vw, 800px\" \/><\/figure>\n\n\n\n<p>et le r\u00e9sultat&#8230;c&rsquo;est pas de la d\u00e9coupe b\u00e2tarde ? ( qui pue, qui fouette, qui d\u00e9cale les couettes )<\/p>\n\n\n\n<p>on a juste eu le temps de tracer les deux premi\u00e8res.&nbsp; je les taille et les monte demain. on verra bien, si on s&rsquo;est plant\u00e9&#8230;<\/p>\n\n\n\n<p>voila, un grand merci a julien pour son coup de main, ces aptitudes de voltigeur et ces connaissances en charpente qui m&rsquo;ont bien aid\u00e9.<\/p>\n\n\n\n<p>encore un personne qui vient filer un coup de main sans rien demander, juste pour le plaisir d&rsquo;aider. et c&rsquo;est juste, bien.<\/p>\n\n\n\n<p>encore merci a julien mais aussi a tout ceux qui sont pass\u00e9 sur notre chantier. le monde n&rsquo;est pas si pourri que \u00e7a. ( mode m\u00e9lo off )<\/p>\n\n\n\n<p>PS: juste pour rigoler, une petite photo du chef de chantier qui surveille son ouvrier. toi groumpff? Agr\u00f4\u00f4\u00f4 moi GROUMPPFF !<\/p>\n\n\n\n<figure class=\"wp-block-image size-full\"><img decoding=\"async\" width=\"800\" height=\"600\" src=\"https:\/\/autoconstruction-ecologique.fr\/wp-content\/uploads\/2022\/03\/p1060653resized.jpg\" alt=\"\" class=\"wp-image-7023\" srcset=\"https:\/\/autoconstruction-ecologique.fr\/wp-content\/uploads\/2022\/03\/p1060653resized.jpg 800w, https:\/\/autoconstruction-ecologique.fr\/wp-content\/uploads\/2022\/03\/p1060653resized-300x225.jpg 300w, https:\/\/autoconstruction-ecologique.fr\/wp-content\/uploads\/2022\/03\/p1060653resized-768x576.jpg 768w, https:\/\/autoconstruction-ecologique.fr\/wp-content\/uploads\/2022\/03\/p1060653resized-533x400.jpg 533w\" sizes=\"(max-width: 800px) 100vw, 800px\" \/><\/figure>\n\n\n\n<p>la grosse loose quand m\u00eame, je surveille le travail de julien, d&rsquo;un \u0153il inquisiteur et c&rsquo;est moi qui fait les conneries&#8230;y a des coups de pompes qui se perdent&#8230;<\/p>\n","protected":false},"excerpt":{"rendered":"<p>Pas trop le temps de s&rsquo;occuper du blog car on envoie s\u00e9v\u00e8re pour finir rapido presto. on tape d\u00e9j\u00e0 du &#8211; 1\u00b0 au petit matin, il faut donc pas ch\u00f4mer. on a fini de poser&hellip; <a href=\"https:\/\/autoconstruction-ecologique.fr\/?p=2077\">Plus<\/a><\/p>\n","protected":false},"author":2,"featured_media":0,"comment_status":"open","ping_status":"open","sticky":false,"template":"","format":"standard","meta":{"footnotes":""},"categories":[16],"tags":[],"class_list":["post-2077","post","type-post","status-publish","format-standard","hentry","category-la-charpente"],"_links":{"self":[{"href":"https:\/\/autoconstruction-ecologique.fr\/index.php?rest_route=\/wp\/v2\/posts\/2077","targetHints":{"allow":["GET"]}}],"collection":[{"href":"https:\/\/autoconstruction-ecologique.fr\/index.php?rest_route=\/wp\/v2\/posts"}],"about":[{"href":"https:\/\/autoconstruction-ecologique.fr\/index.php?rest_route=\/wp\/v2\/types\/post"}],"author":[{"embeddable":true,"href":"https:\/\/autoconstruction-ecologique.fr\/index.php?rest_route=\/wp\/v2\/users\/2"}],"replies":[{"embeddable":true,"href":"https:\/\/autoconstruction-ecologique.fr\/index.php?rest_route=%2Fwp%2Fv2%2Fcomments&post=2077"}],"version-history":[{"count":2,"href":"https:\/\/autoconstruction-ecologique.fr\/index.php?rest_route=\/wp\/v2\/posts\/2077\/revisions"}],"predecessor-version":[{"id":7024,"href":"https:\/\/autoconstruction-ecologique.fr\/index.php?rest_route=\/wp\/v2\/posts\/2077\/revisions\/7024"}],"wp:attachment":[{"href":"https:\/\/autoconstruction-ecologique.fr\/index.php?rest_route=%2Fwp%2Fv2%2Fmedia&parent=2077"}],"wp:term":[{"taxonomy":"category","embeddable":true,"href":"https:\/\/autoconstruction-ecologique.fr\/index.php?rest_route=%2Fwp%2Fv2%2Fcategories&post=2077"},{"taxonomy":"post_tag","embeddable":true,"href":"https:\/\/autoconstruction-ecologique.fr\/index.php?rest_route=%2Fwp%2Fv2%2Ftags&post=2077"}],"curies":[{"name":"wp","href":"https:\/\/api.w.org\/{rel}","templated":true}]}}